{"id":831,"date":"2022-08-15T07:57:23","date_gmt":"2022-08-15T05:57:23","guid":{"rendered":"https:\/\/zidovskaskolalevice.sk\/?p=831"},"modified":"2024-03-22T07:51:10","modified_gmt":"2024-03-22T06:51:10","slug":"commemorative-evening-for-the-77th-anniversary-of-the-liberation-of-auschwitz","status":"publish","type":"post","link":"https:\/\/zidovskaskolalevice.sk\/?p=831&lang=en","title":{"rendered":"Commemorative evening for the 77th anniversary of the liberation of Auschwitz"},"content":{"rendered":"\t\t<div data-elementor-type=\"wp-post\" data-elementor-id=\"831\" class=\"elementor elementor-831\">\n\t\t\t\t\t\t<section class=\"elementor-section elementor-top-section elementor-element elementor-element-830413f elementor-section-boxed elementor-section-height-default elementor-section-height-default\" data-id=\"830413f\" data-element_type=\"section\" data-e-type=\"section\">\n\t\t\t\t\t\t<div class=\"elementor-container elementor-column-gap-default\">\n\t\t\t\t\t<div class=\"elementor-column elementor-col-100 elementor-top-column elementor-element elementor-element-e2ee4d4\" data-id=\"e2ee4d4\" data-element_type=\"column\" data-e-type=\"column\">\n\t\t\t<div class=\"elementor-widget-wrap elementor-element-populated\">\n\t\t\t\t\t\t<div class=\"elementor-element elementor-element-fb53f13 elementor-widget elementor-widget-text-editor\" data-id=\"fb53f13\" data-element_type=\"widget\" data-e-type=\"widget\" data-widget_type=\"text-editor.default\">\n\t\t\t\t<div class=\"elementor-widget-container\">\n\t\t\t\t\t\t\t\t\t<p>The concentration camp Auschwitz-Birkenau near O\u015bwi\u0119cim, Poland, has become a permanent symbol of the holocaust and crimes of huge dimensions committed by Hitler\u2019s Germany. The largest Nazi death factory was established in Spring 1940. Here and in the adjacent camp Auschwitz-Birkenau, Nazis killed approximately 1.1 million people between 1940 and 1945.<\/p><p>\u00a027 January 1945 was the day when Soviet soldiers, members of the 60<sup>th<\/sup> army of the 1<sup>st<\/sup> Ukrainian front entered the camp. It was Saturday, about 3 p.m. They were shortly followed by film crews and the whole world could see the unbelievable suffering and the truth about the death camp with own eyes.<\/p><p>Based on a suggestion of Israel, USA, Russia and Canada, the General Assembly of the United Nations established 27 January as International Holocaust Remembrance Day.<\/p><p>The City Cultural Centre remembered the historically significant and tragic events by a commemorative evening. The event took place in the premises in Levice Synagogue on Thursday 27 January 2022. The invitation was accepted by Mgr. Marta \u0160volikov\u00e1 who had a lecture named: <strong><em>Train to Eternity. Deportations from Levice. <\/em><\/strong>We had an opportunity to listen to stories of several Jewish families from Levice, our fellow citizens. Mr. Mat\u00fa\u0161 Zelieska, chairman of the civic association Geniza, spoke about the cultural and intellectual life of Jews in our town: <strong><em>Last two decades \u2013 Levice Kehila in the inter-war and pre-war periods. <\/em><\/strong>The last lecturer, Mgr. Petr M\u00e9sz\u00e1ro\u0161 had a lecture where he clarified the facts from the camp liberation: <strong><em>Liberation of Auschwitz. <\/em><\/strong>The atmosphere of the evening was enhanced by performances of artists from Levice, Pe\u0165ko Daru, a young promising pianist, Elia Ka\u010diov\u00e1, a jazz singer, musician, educator, Ondrej Kraj\u0148\u00e1k, one of the best Slovak pianists, jazz artists, and Veronika M\u00e9sz\u00e1ro\u0161ov\u00e1, a student of the Academy of Performing Arts, an excellent reciter.<\/p><p>We believe we honoured the memory of all victims of the holocaust: Jews, Romani, Sinti and other Roma ethnics, political prisoners, Red Army soldiers, people who sacrifices themselves for the persecuted, victims from sexual minorities, people with a physical or mental handicap, Christians of all denominations in a dignified manner. We believe that we can contribute to a higher tolerance among people and to prevent the raising xenophobia and racism also with such events.<\/p>\t\t\t\t\t\t\t\t<\/div>\n\t\t\t\t<\/div>\n\t\t\t\t<section class=\"elementor-section elementor-inner-section elementor-element elementor-element-18c493f elementor-section-boxed elementor-section-height-default elementor-section-height-default\" data-id=\"18c493f\" data-element_type=\"section\" data-e-type=\"section\">\n\t\t\t\t\t\t<div class=\"elementor-container elementor-column-gap-default\">\n\t\t\t\t\t<div class=\"elementor-column elementor-col-50 elementor-inner-column elementor-element elementor-element-1a629a0\" data-id=\"1a629a0\" data-element_type=\"column\" data-e-type=\"column\">\n\t\t\t<div class=\"elementor-widget-wrap elementor-element-populated\">\n\t\t\t\t\t\t<div class=\"elementor-element elementor-element-dc89006 elementor-widget elementor-widget-button\" data-id=\"dc89006\" data-element_type=\"widget\" data-e-type=\"widget\" data-widget_type=\"button.default\">\n\t\t\t\t<div class=\"elementor-widget-container\">\n\t\t\t\t\t\t\t\t\t<div class=\"elementor-button-wrapper\">\n\t\t\t\t\t<a class=\"elementor-button elementor-button-link elementor-size-sm\" href=\"https:\/\/zidovskaskolalevice.sk\/?bwg_gallery=spomienkovy-vecer\">\n\t\t\t\t\t\t<span class=\"elementor-button-content-wrapper\">\n\t\t\t\t\t\t\t\t\t<span class=\"elementor-button-text\">Photogalery<\/span>\n\t\t\t\t\t<\/span>\n\t\t\t\t\t<\/a>\n\t\t\t\t<\/div>\n\t\t\t\t\t\t\t\t<\/div>\n\t\t\t\t<\/div>\n\t\t\t\t\t<\/div>\n\t\t<\/div>\n\t\t\t\t<div class=\"elementor-column elementor-col-50 elementor-inner-column elementor-element elementor-element-07e618c\" data-id=\"07e618c\" data-element_type=\"column\" data-e-type=\"column\">\n\t\t\t<div class=\"elementor-widget-wrap\">\n\t\t\t\t\t\t\t<\/div>\n\t\t<\/div>\n\t\t\t\t\t<\/div>\n\t\t<\/section>\n\t\t\t\t\t<\/div>\n\t\t<\/div>\n\t\t\t\t\t<\/div>\n\t\t<\/section>\n\t\t\t\t<\/div>\n\t\t","protected":false},"excerpt":{"rendered":"<p>The concentration camp Auschwitz-Birkenau near O\u015bwi\u0119cim, Poland, has become a permanent symbol of the holocaust and crimes of huge dimensions committed by Hitler\u2019s Germany. The largest Nazi death factory was established in Spring 1940. Here and in the adjacent camp Auschwitz-Birkenau, Nazis killed approximately 1.1 million people between 1940 and 1945. &nbsp;27 January 1945 was <a class=\"read-more\" href=\"https:\/\/zidovskaskolalevice.sk\/?p=831&#038;lang=en\">Read More<\/a><\/p>\n","protected":false},"author":1,"featured_media":744,"comment_status":"closed","ping_status":"open","sticky":false,"template":"","format":"standard","meta":{"om_disable_all_campaigns":false,"_monsterinsights_skip_tracking":false,"_monsterinsights_sitenote_active":false,"_monsterinsights_sitenote_note":"","_monsterinsights_sitenote_category":0,"_uf_show_specific_survey":0,"_uf_disable_surveys":false,"ngg_post_thumbnail":0,"footnotes":""},"categories":[15],"tags":[],"class_list":["post-831","post","type-post","status-publish","format-standard","has-post-thumbnail","hentry","category-nezaradene-en"],"yoast_head":"<!-- This site is optimized with the Yoast SEO plugin v27.5 - https:\/\/yoast.com\/product\/yoast-seo-wordpress\/ -->\n<title>Commemorative evening for the 77th anniversary of the liberation of Auschwitz - Projekt na obnovu n\u00e1rodnej kult\u00farnej pamiatky \u017didovsk\u00e1 \u0161kola Levice<\/title>\n<meta name=\"robots\" content=\"index, follow, max-snippet:-1, max-image-preview:large, max-video-preview:-1\" \/>\n<link rel=\"canonical\" href=\"https:\/\/zidovskaskolalevice.sk\/?p=831&lang=en\" \/>\n<meta property=\"og:locale\" content=\"sk_SK\" \/>\n<meta property=\"og:type\" content=\"article\" \/>\n<meta property=\"og:title\" content=\"Commemorative evening for the 77th anniversary of the liberation of Auschwitz - Projekt na obnovu n\u00e1rodnej kult\u00farnej pamiatky \u017didovsk\u00e1 \u0161kola Levice\" \/>\n<meta property=\"og:description\" content=\"The concentration camp Auschwitz-Birkenau near O\u015bwi\u0119cim, Poland, has become a permanent symbol of the holocaust and crimes of huge dimensions committed by Hitler\u2019s Germany. The largest Nazi death factory was established in Spring 1940. Here and in the adjacent camp Auschwitz-Birkenau, Nazis killed approximately 1.1 million people between 1940 and 1945. &nbsp;27 January 1945 was Read More\" \/>\n<meta property=\"og:url\" content=\"https:\/\/zidovskaskolalevice.sk\/?p=831&amp;lang=en\" \/>\n<meta property=\"og:site_name\" content=\"Projekt na obnovu n\u00e1rodnej kult\u00farnej pamiatky \u017didovsk\u00e1 \u0161kola Levice\" \/>\n<meta property=\"article:published_time\" content=\"2022-08-15T05:57:23+00:00\" \/>\n<meta property=\"article:modified_time\" content=\"2024-03-22T06:51:10+00:00\" \/>\n<meta property=\"og:image\" content=\"http:\/\/zidovskaskolalevice.sk\/wp-content\/uploads\/2022\/08\/10.jpg\" \/>\n\t<meta property=\"og:image:width\" content=\"900\" \/>\n\t<meta property=\"og:image:height\" content=\"571\" \/>\n\t<meta property=\"og:image:type\" content=\"image\/jpeg\" \/>\n<meta name=\"author\" content=\"mskslevice\" \/>\n<meta name=\"twitter:card\" content=\"summary_large_image\" \/>\n<meta name=\"twitter:label1\" content=\"Autor\" \/>\n\t<meta name=\"twitter:data1\" content=\"mskslevice\" \/>\n\t<meta name=\"twitter:label2\" content=\"Predpokladan\u00fd \u010das \u010d\u00edtania\" \/>\n\t<meta name=\"twitter:data2\" content=\"3 min\u00faty\" \/>\n<script type=\"application\/ld+json\" class=\"yoast-schema-graph\">{\"@context\":\"https:\\\/\\\/schema.org\",\"@graph\":[{\"@type\":\"Article\",\"@id\":\"https:\\\/\\\/zidovskaskolalevice.sk\\\/?p=831&lang=en#article\",\"isPartOf\":{\"@id\":\"https:\\\/\\\/zidovskaskolalevice.sk\\\/?p=831&lang=en\"},\"author\":{\"name\":\"mskslevice\",\"@id\":\"https:\\\/\\\/zidovskaskolalevice.sk\\\/#\\\/schema\\\/person\\\/51cd87f6e15c7f2c81667fcc43b011a0\"},\"headline\":\"Commemorative evening for the 77th anniversary of the liberation of Auschwitz\",\"datePublished\":\"2022-08-15T05:57:23+00:00\",\"dateModified\":\"2024-03-22T06:51:10+00:00\",\"mainEntityOfPage\":{\"@id\":\"https:\\\/\\\/zidovskaskolalevice.sk\\\/?p=831&lang=en\"},\"wordCount\":388,\"publisher\":{\"@id\":\"https:\\\/\\\/zidovskaskolalevice.sk\\\/#organization\"},\"image\":{\"@id\":\"https:\\\/\\\/zidovskaskolalevice.sk\\\/?p=831&lang=en#primaryimage\"},\"thumbnailUrl\":\"https:\\\/\\\/zidovskaskolalevice.sk\\\/wp-content\\\/uploads\\\/2022\\\/08\\\/10.jpg\",\"inLanguage\":\"sk-SK\"},{\"@type\":\"WebPage\",\"@id\":\"https:\\\/\\\/zidovskaskolalevice.sk\\\/?p=831&lang=en\",\"url\":\"https:\\\/\\\/zidovskaskolalevice.sk\\\/?p=831&lang=en\",\"name\":\"Commemorative evening for the 77th anniversary of the liberation of Auschwitz - Projekt na obnovu n\u00e1rodnej kult\u00farnej pamiatky \u017didovsk\u00e1 \u0161kola Levice\",\"isPartOf\":{\"@id\":\"https:\\\/\\\/zidovskaskolalevice.sk\\\/#website\"},\"primaryImageOfPage\":{\"@id\":\"https:\\\/\\\/zidovskaskolalevice.sk\\\/?p=831&lang=en#primaryimage\"},\"image\":{\"@id\":\"https:\\\/\\\/zidovskaskolalevice.sk\\\/?p=831&lang=en#primaryimage\"},\"thumbnailUrl\":\"https:\\\/\\\/zidovskaskolalevice.sk\\\/wp-content\\\/uploads\\\/2022\\\/08\\\/10.jpg\",\"datePublished\":\"2022-08-15T05:57:23+00:00\",\"dateModified\":\"2024-03-22T06:51:10+00:00\",\"breadcrumb\":{\"@id\":\"https:\\\/\\\/zidovskaskolalevice.sk\\\/?p=831&lang=en#breadcrumb\"},\"inLanguage\":\"sk-SK\",\"potentialAction\":[{\"@type\":\"ReadAction\",\"target\":[\"https:\\\/\\\/zidovskaskolalevice.sk\\\/?p=831&lang=en\"]}]},{\"@type\":\"ImageObject\",\"inLanguage\":\"sk-SK\",\"@id\":\"https:\\\/\\\/zidovskaskolalevice.sk\\\/?p=831&lang=en#primaryimage\",\"url\":\"https:\\\/\\\/zidovskaskolalevice.sk\\\/wp-content\\\/uploads\\\/2022\\\/08\\\/10.jpg\",\"contentUrl\":\"https:\\\/\\\/zidovskaskolalevice.sk\\\/wp-content\\\/uploads\\\/2022\\\/08\\\/10.jpg\",\"width\":900,\"height\":571},{\"@type\":\"BreadcrumbList\",\"@id\":\"https:\\\/\\\/zidovskaskolalevice.sk\\\/?p=831&lang=en#breadcrumb\",\"itemListElement\":[{\"@type\":\"ListItem\",\"position\":1,\"name\":\"Home\",\"item\":\"https:\\\/\\\/zidovskaskolalevice.sk\\\/\"},{\"@type\":\"ListItem\",\"position\":2,\"name\":\"Commemorative evening for the 77th anniversary of the liberation of Auschwitz\"}]},{\"@type\":\"WebSite\",\"@id\":\"https:\\\/\\\/zidovskaskolalevice.sk\\\/#website\",\"url\":\"https:\\\/\\\/zidovskaskolalevice.sk\\\/\",\"name\":\"Projekt na obnovu n\u00e1rodnej kult\u00farnej pamiatky \u017didovsk\u00e1 \u0161kola Levice\",\"description\":\"Projekt na obnovu n\u00e1rodnej kult\u00farnej pamiatky \u017didovsk\u00e1 \u0161kola Levice\",\"publisher\":{\"@id\":\"https:\\\/\\\/zidovskaskolalevice.sk\\\/#organization\"},\"potentialAction\":[{\"@type\":\"SearchAction\",\"target\":{\"@type\":\"EntryPoint\",\"urlTemplate\":\"https:\\\/\\\/zidovskaskolalevice.sk\\\/?s={search_term_string}\"},\"query-input\":{\"@type\":\"PropertyValueSpecification\",\"valueRequired\":true,\"valueName\":\"search_term_string\"}}],\"inLanguage\":\"sk-SK\"},{\"@type\":\"Organization\",\"@id\":\"https:\\\/\\\/zidovskaskolalevice.sk\\\/#organization\",\"name\":\"Projekt na obnovu n\u00e1rodnej kult\u00farnej pamiatky \u017didovsk\u00e1 \u0161kola Levice\",\"url\":\"https:\\\/\\\/zidovskaskolalevice.sk\\\/\",\"logo\":{\"@type\":\"ImageObject\",\"inLanguage\":\"sk-SK\",\"@id\":\"https:\\\/\\\/zidovskaskolalevice.sk\\\/#\\\/schema\\\/logo\\\/image\\\/\",\"url\":\"https:\\\/\\\/zidovskaskolalevice.sk\\\/wp-content\\\/uploads\\\/2023\\\/03\\\/cropped-logo_spravne-2.jpg\",\"contentUrl\":\"https:\\\/\\\/zidovskaskolalevice.sk\\\/wp-content\\\/uploads\\\/2023\\\/03\\\/cropped-logo_spravne-2.jpg\",\"width\":680,\"height\":237,\"caption\":\"Projekt na obnovu n\u00e1rodnej kult\u00farnej pamiatky \u017didovsk\u00e1 \u0161kola Levice\"},\"image\":{\"@id\":\"https:\\\/\\\/zidovskaskolalevice.sk\\\/#\\\/schema\\\/logo\\\/image\\\/\"}},{\"@type\":\"Person\",\"@id\":\"https:\\\/\\\/zidovskaskolalevice.sk\\\/#\\\/schema\\\/person\\\/51cd87f6e15c7f2c81667fcc43b011a0\",\"name\":\"mskslevice\",\"sameAs\":[\"http:\\\/\\\/zidovskaskolalevice.sk\"],\"url\":\"https:\\\/\\\/zidovskaskolalevice.sk\\\/?author=1\"}]}<\/script>\n<!-- \/ Yoast SEO plugin. -->","yoast_head_json":{"title":"Commemorative evening for the 77th anniversary of the liberation of Auschwitz - Projekt na obnovu n\u00e1rodnej kult\u00farnej pamiatky \u017didovsk\u00e1 \u0161kola Levice","robots":{"index":"index","follow":"follow","max-snippet":"max-snippet:-1","max-image-preview":"max-image-preview:large","max-video-preview":"max-video-preview:-1"},"canonical":"https:\/\/zidovskaskolalevice.sk\/?p=831&lang=en","og_locale":"sk_SK","og_type":"article","og_title":"Commemorative evening for the 77th anniversary of the liberation of Auschwitz - Projekt na obnovu n\u00e1rodnej kult\u00farnej pamiatky \u017didovsk\u00e1 \u0161kola Levice","og_description":"The concentration camp Auschwitz-Birkenau near O\u015bwi\u0119cim, Poland, has become a permanent symbol of the holocaust and crimes of huge dimensions committed by Hitler\u2019s Germany. The largest Nazi death factory was established in Spring 1940. Here and in the adjacent camp Auschwitz-Birkenau, Nazis killed approximately 1.1 million people between 1940 and 1945. &nbsp;27 January 1945 was Read More","og_url":"https:\/\/zidovskaskolalevice.sk\/?p=831&lang=en","og_site_name":"Projekt na obnovu n\u00e1rodnej kult\u00farnej pamiatky \u017didovsk\u00e1 \u0161kola Levice","article_published_time":"2022-08-15T05:57:23+00:00","article_modified_time":"2024-03-22T06:51:10+00:00","og_image":[{"width":900,"height":571,"url":"http:\/\/zidovskaskolalevice.sk\/wp-content\/uploads\/2022\/08\/10.jpg","type":"image\/jpeg"}],"author":"mskslevice","twitter_card":"summary_large_image","twitter_misc":{"Autor":"mskslevice","Predpokladan\u00fd \u010das \u010d\u00edtania":"3 min\u00faty"},"schema":{"@context":"https:\/\/schema.org","@graph":[{"@type":"Article","@id":"https:\/\/zidovskaskolalevice.sk\/?p=831&lang=en#article","isPartOf":{"@id":"https:\/\/zidovskaskolalevice.sk\/?p=831&lang=en"},"author":{"name":"mskslevice","@id":"https:\/\/zidovskaskolalevice.sk\/#\/schema\/person\/51cd87f6e15c7f2c81667fcc43b011a0"},"headline":"Commemorative evening for the 77th anniversary of the liberation of Auschwitz","datePublished":"2022-08-15T05:57:23+00:00","dateModified":"2024-03-22T06:51:10+00:00","mainEntityOfPage":{"@id":"https:\/\/zidovskaskolalevice.sk\/?p=831&lang=en"},"wordCount":388,"publisher":{"@id":"https:\/\/zidovskaskolalevice.sk\/#organization"},"image":{"@id":"https:\/\/zidovskaskolalevice.sk\/?p=831&lang=en#primaryimage"},"thumbnailUrl":"https:\/\/zidovskaskolalevice.sk\/wp-content\/uploads\/2022\/08\/10.jpg","inLanguage":"sk-SK"},{"@type":"WebPage","@id":"https:\/\/zidovskaskolalevice.sk\/?p=831&lang=en","url":"https:\/\/zidovskaskolalevice.sk\/?p=831&lang=en","name":"Commemorative evening for the 77th anniversary of the liberation of Auschwitz - Projekt na obnovu n\u00e1rodnej kult\u00farnej pamiatky \u017didovsk\u00e1 \u0161kola Levice","isPartOf":{"@id":"https:\/\/zidovskaskolalevice.sk\/#website"},"primaryImageOfPage":{"@id":"https:\/\/zidovskaskolalevice.sk\/?p=831&lang=en#primaryimage"},"image":{"@id":"https:\/\/zidovskaskolalevice.sk\/?p=831&lang=en#primaryimage"},"thumbnailUrl":"https:\/\/zidovskaskolalevice.sk\/wp-content\/uploads\/2022\/08\/10.jpg","datePublished":"2022-08-15T05:57:23+00:00","dateModified":"2024-03-22T06:51:10+00:00","breadcrumb":{"@id":"https:\/\/zidovskaskolalevice.sk\/?p=831&lang=en#breadcrumb"},"inLanguage":"sk-SK","potentialAction":[{"@type":"ReadAction","target":["https:\/\/zidovskaskolalevice.sk\/?p=831&lang=en"]}]},{"@type":"ImageObject","inLanguage":"sk-SK","@id":"https:\/\/zidovskaskolalevice.sk\/?p=831&lang=en#primaryimage","url":"https:\/\/zidovskaskolalevice.sk\/wp-content\/uploads\/2022\/08\/10.jpg","contentUrl":"https:\/\/zidovskaskolalevice.sk\/wp-content\/uploads\/2022\/08\/10.jpg","width":900,"height":571},{"@type":"BreadcrumbList","@id":"https:\/\/zidovskaskolalevice.sk\/?p=831&lang=en#breadcrumb","itemListElement":[{"@type":"ListItem","position":1,"name":"Home","item":"https:\/\/zidovskaskolalevice.sk\/"},{"@type":"ListItem","position":2,"name":"Commemorative evening for the 77th anniversary of the liberation of Auschwitz"}]},{"@type":"WebSite","@id":"https:\/\/zidovskaskolalevice.sk\/#website","url":"https:\/\/zidovskaskolalevice.sk\/","name":"Projekt na obnovu n\u00e1rodnej kult\u00farnej pamiatky \u017didovsk\u00e1 \u0161kola Levice","description":"Projekt na obnovu n\u00e1rodnej kult\u00farnej pamiatky \u017didovsk\u00e1 \u0161kola Levice","publisher":{"@id":"https:\/\/zidovskaskolalevice.sk\/#organization"},"potentialAction":[{"@type":"SearchAction","target":{"@type":"EntryPoint","urlTemplate":"https:\/\/zidovskaskolalevice.sk\/?s={search_term_string}"},"query-input":{"@type":"PropertyValueSpecification","valueRequired":true,"valueName":"search_term_string"}}],"inLanguage":"sk-SK"},{"@type":"Organization","@id":"https:\/\/zidovskaskolalevice.sk\/#organization","name":"Projekt na obnovu n\u00e1rodnej kult\u00farnej pamiatky \u017didovsk\u00e1 \u0161kola Levice","url":"https:\/\/zidovskaskolalevice.sk\/","logo":{"@type":"ImageObject","inLanguage":"sk-SK","@id":"https:\/\/zidovskaskolalevice.sk\/#\/schema\/logo\/image\/","url":"https:\/\/zidovskaskolalevice.sk\/wp-content\/uploads\/2023\/03\/cropped-logo_spravne-2.jpg","contentUrl":"https:\/\/zidovskaskolalevice.sk\/wp-content\/uploads\/2023\/03\/cropped-logo_spravne-2.jpg","width":680,"height":237,"caption":"Projekt na obnovu n\u00e1rodnej kult\u00farnej pamiatky \u017didovsk\u00e1 \u0161kola Levice"},"image":{"@id":"https:\/\/zidovskaskolalevice.sk\/#\/schema\/logo\/image\/"}},{"@type":"Person","@id":"https:\/\/zidovskaskolalevice.sk\/#\/schema\/person\/51cd87f6e15c7f2c81667fcc43b011a0","name":"mskslevice","sameAs":["http:\/\/zidovskaskolalevice.sk"],"url":"https:\/\/zidovskaskolalevice.sk\/?author=1"}]}},"_links":{"self":[{"href":"https:\/\/zidovskaskolalevice.sk\/index.php?rest_route=\/wp\/v2\/posts\/831","targetHints":{"allow":["GET"]}}],"collection":[{"href":"https:\/\/zidovskaskolalevice.sk\/index.php?rest_route=\/wp\/v2\/posts"}],"about":[{"href":"https:\/\/zidovskaskolalevice.sk\/index.php?rest_route=\/wp\/v2\/types\/post"}],"author":[{"embeddable":true,"href":"https:\/\/zidovskaskolalevice.sk\/index.php?rest_route=\/wp\/v2\/users\/1"}],"replies":[{"embeddable":true,"href":"https:\/\/zidovskaskolalevice.sk\/index.php?rest_route=%2Fwp%2Fv2%2Fcomments&post=831"}],"version-history":[{"count":6,"href":"https:\/\/zidovskaskolalevice.sk\/index.php?rest_route=\/wp\/v2\/posts\/831\/revisions"}],"predecessor-version":[{"id":1950,"href":"https:\/\/zidovskaskolalevice.sk\/index.php?rest_route=\/wp\/v2\/posts\/831\/revisions\/1950"}],"wp:featuredmedia":[{"embeddable":true,"href":"https:\/\/zidovskaskolalevice.sk\/index.php?rest_route=\/wp\/v2\/media\/744"}],"wp:attachment":[{"href":"https:\/\/zidovskaskolalevice.sk\/index.php?rest_route=%2Fwp%2Fv2%2Fmedia&parent=831"}],"wp:term":[{"taxonomy":"category","embeddable":true,"href":"https:\/\/zidovskaskolalevice.sk\/index.php?rest_route=%2Fwp%2Fv2%2Fcategories&post=831"},{"taxonomy":"post_tag","embeddable":true,"href":"https:\/\/zidovskaskolalevice.sk\/index.php?rest_route=%2Fwp%2Fv2%2Ftags&post=831"}],"curies":[{"name":"wp","href":"https:\/\/api.w.org\/{rel}","templated":true}]}}